{"id":1815,"date":"2020-10-25T20:44:44","date_gmt":"2020-10-25T20:44:44","guid":{"rendered":"https:\/\/ctn.jixart.fr\/2020\/10\/25\/giampaolo-ariu-et-magali-fer-co-fondateurs-de-vitt\/"},"modified":"2023-11-03T15:45:28","modified_gmt":"2023-11-03T15:45:28","slug":"giampaolo-ariu-et-magali-fer-co-fondateurs-de-vitt","status":"publish","type":"post","link":"https:\/\/cocoparks.io\/fr-fr\/blog\/giampaolo-ariu-et-magali-fer-co-fondateurs-de-vitt\/","title":{"rendered":"Giampaolo Ariu et Magali Fer, co-fondateurs de Vitt"},"content":{"rendered":"\n<blockquote class=\"wp-block-quote is-layout-flow wp-block-quote-is-layout-flow\">\n<p>Vitt a la volont\u00e9 de transformer le traditionnel service VTC en un moyen de transport plus respectueux des clients, des chauffeurs et de la plan\u00e8te.<\/p>\n<cite>Giampaolo Ariu, co-fondateur et CEO de Vitt<\/cite><\/blockquote>\n\n\n\n<h2 class=\"wp-block-heading\"><strong>Qu&#8217;est-ce que&nbsp;Vitt ?<\/strong><\/h2>\n\n\n\n<p>Vitt est une solution de transport urbain avec chauffeur (VTC) via application mobile qui est accessible sur iOS et sur Android.&nbsp;<\/p>\n\n\n\n<p>Vitt a la volont\u00e9 de transformer le traditionnel service VTC en un moyen de transport plus respectueux des clients, des chauffeurs et de la plan\u00e8te.<\/p>\n\n\n\n<p>Le point essentiel pour nous est <strong>la s\u00e9curit\u00e9 des d\u00e9placements urbains <\/strong>; nous avons mis en place le bouton SOS et le partage de localisation pour nos clients, mais aussi l\u2019option \u00ab&nbsp;chauffeur femme&nbsp;\u00bb pour nos clientes. Vitt Teen, option unique sur le march\u00e9, permet aux parents de r\u00e9server une course pour leur(s) enfant(s) de plus de 13 ans et la course est retransmise en direct depuis le smartphone du chauffeur sur celui des parents. Avec cette option, nous souhaitons rassurer les parents actifs qui n\u2019ont pas le temps pour d\u00e9poser leurs enfants au terrain de foot par exemple \ud83d\ude42<\/p>\n\n\n<div class=\"wp-block-image\">\n<figure class=\"aligncenter size-large is-resized\"><img decoding=\"async\" src=\"https:\/\/cocoparks.io\/wp-content\/uploads\/2020\/10\/Vitt_logo-removebg-preview.png\" alt=\"\" class=\"wp-image-271\" style=\"width:327px;height:172px\"\/><\/figure><\/div>\n\n\n<h2 class=\"wp-block-heading\"><strong>Comment l&#8217;id\u00e9e de cr\u00e9er Vitt vous est-elle venue ?<\/strong><\/h2>\n\n\n\n<p>Nous avons trouv\u00e9 que l&#8217;image du monde du VTC avait \u00e9t\u00e9 ternie ces derni\u00e8res ann\u00e9es \u00e0 travers des scandales li\u00e9s \u00e0 la s\u00e9curit\u00e9 des clients et le non-engagement des obligations l\u00e9gales en tant qu\u2019entreprise (paiement des imp\u00f4ts). L\u2019id\u00e9e a m\u00fbri \u00e0 travers des voyages dans le monde et apr\u00e8s avoir v\u00e9cu \u00e0 l\u2019\u00e9tranger. Le service VTC est extr\u00eamement utile pour des classes d\u2019\u00e2ge vari\u00e9es et, \u00e0 notre avis, pas per\u00e7u \u00e0 sa juste valeur.&nbsp;<\/p>\n\n\n\n<h2 class=\"wp-block-heading\"><strong>En quoi Vitt rend il l&#8217;usage de la voiture meilleur qu&#8217;il ne l&#8217;est aujourd&#8217;hui ?<\/strong><\/h2>\n\n\n\n<p>Vitt permet de limiter&nbsp;l\u2019usage&nbsp;de la voiture \u00e0 des d\u00e9placements sp\u00e9cifiques. De plus, les usagers sont encourag\u00e9s \u00e0 prendre des trajets avec des voitures \u00e9lectriques ou hybrides pour plus des b\u00e9n\u00e9fices (programme de fid\u00e9lit\u00e9&nbsp;MyVitt&nbsp;et option Vitt Green). Les chauffeurs sont aussi encourag\u00e9s \u00e0 faire la transition de leur v\u00e9hicule vers l\u2019\u00e9lectrique\/hybride, avec une commission plus attractive&nbsp;;&nbsp;l\u2019id\u00e9e&nbsp;n\u2019\u00e9tant&nbsp;pas de punir les chauffeurs avec des v\u00e9hicules thermiques mais d\u2019encourager vers la transition \u00ab&nbsp;verte&nbsp;\u00bb.<\/p>\n\n\n\n<h2 class=\"wp-block-heading\"><strong>Que diriez-vous aux citoyens automobilistes au sujet des critiques qu&#8217;ils re\u00e7oivent sur la voiture ?<\/strong><\/h2>\n\n\n\n<p>Chez Vitt, nous pensons que la mobilit\u00e9 passe par la compl\u00e9mentarit\u00e9 des moyens de transport. Il y a un vrai impact saisonnier sur les types de transport utilis\u00e9s. Il faut donc se d\u00e9placer en intelligence gr\u00e2ce \u00e0 une offre vari\u00e9e et \u00e9voluer petit \u00e0 petit vers des bonnes pratiques en termes de mobilit\u00e9 (\u00e9viter les d\u00e9placements polluants inutiles, pr\u00e9f\u00e9rer lorsque c&#8217;est possible l&#8217;utilisation de voitures moins polluantes, etc.).&nbsp;<\/p>\n\n\n\n<h2 class=\"wp-block-heading\"><strong>Quelle est votre vision d&#8217;un monde alliant &#8220;mobilit\u00e9 automobile&#8221; et &#8220;environnement&#8221; ?<\/strong><\/h2>\n\n\n\n<p>Nous pensons que \u00ab&nbsp;mobilit\u00e9 automobile&nbsp;\u00bb et \u00ab&nbsp;environnement&nbsp;\u00bb vont de pair. C&#8217;est une \u00e9volution importante et n\u00e9cessaire qui doit se faire en douceur afin qu&#8217;elle soit accessible \u00e0 tous, notamment en mati\u00e8re de prix (co\u00fbt d&#8217;un v\u00e9hicule \u00e9lectrique\/hybride, mise en place croissante des bornes \u00e9lectriques, etc.).&nbsp;&nbsp;La situation sanitaire actuelle (i.e. covid) a amen\u00e9 \u00e0 une r\u00e9elle prise de conscience et une volont\u00e9 d&#8217;agir vers un monde meilleur.&nbsp;&nbsp;<\/p>\n\n\n\n<p><\/p>\n\n\n\n<h2 class=\"wp-block-heading\">Pour en savoir plus sur Vitt &#8211; Startup voiture responsable: <\/h2>\n\n\n\n<p>Startup, voiture, responsable, environnement, sont des mots parfois oppos\u00e9s. Vitt les a r\u00e9concili\u00e9 !<\/p>\n\n\n\n<figure class=\"wp-block-image size-large\"><img decoding=\"async\" src=\"https:\/\/cocoparks.io\/wp-content\/uploads\/2020\/10\/Bandeau-Vitt-1-1024x311.png\" alt=\"\" class=\"wp-image-275\"\/><\/figure>\n","protected":false},"excerpt":{"rendered":"<p>Vitt a la volont\u00e9 de transformer le traditionnel service VTC en un moyen de transport plus respectueux des clients, des chauffeurs et de la plan\u00e8te.<\/p>\n<p>Giampaolo Ariu, co-fondateur et CEO de Vitt<\/p>\n","protected":false},"author":1,"featured_media":1565,"comment_status":"open","ping_status":"open","sticky":false,"template":"","format":"standard","meta":{"content-type":"","footnotes":""},"categories":[86],"tags":[],"class_list":["post-1815","post","type-post","status-publish","format-standard","has-post-thumbnail","hentry","category-visions-dentrepreneurs"],"_links":{"self":[{"href":"https:\/\/cocoparks.io\/fr-fr\/wp-json\/wp\/v2\/posts\/1815"}],"collection":[{"href":"https:\/\/cocoparks.io\/fr-fr\/wp-json\/wp\/v2\/posts"}],"about":[{"href":"https:\/\/cocoparks.io\/fr-fr\/wp-json\/wp\/v2\/types\/post"}],"author":[{"embeddable":true,"href":"https:\/\/cocoparks.io\/fr-fr\/wp-json\/wp\/v2\/users\/1"}],"replies":[{"embeddable":true,"href":"https:\/\/cocoparks.io\/fr-fr\/wp-json\/wp\/v2\/comments?post=1815"}],"version-history":[{"count":2,"href":"https:\/\/cocoparks.io\/fr-fr\/wp-json\/wp\/v2\/posts\/1815\/revisions"}],"predecessor-version":[{"id":2674,"href":"https:\/\/cocoparks.io\/fr-fr\/wp-json\/wp\/v2\/posts\/1815\/revisions\/2674"}],"wp:featuredmedia":[{"embeddable":true,"href":"https:\/\/cocoparks.io\/fr-fr\/wp-json\/wp\/v2\/media\/1565"}],"wp:attachment":[{"href":"https:\/\/cocoparks.io\/fr-fr\/wp-json\/wp\/v2\/media?parent=1815"}],"wp:term":[{"taxonomy":"category","embeddable":true,"href":"https:\/\/cocoparks.io\/fr-fr\/wp-json\/wp\/v2\/categories?post=1815"},{"taxonomy":"post_tag","embeddable":true,"href":"https:\/\/cocoparks.io\/fr-fr\/wp-json\/wp\/v2\/tags?post=1815"}],"curies":[{"name":"wp","href":"https:\/\/api.w.org\/{rel}","templated":true}]}}